{"id":598,"date":"2019-01-23T11:39:23","date_gmt":"2019-01-23T09:39:23","guid":{"rendered":"http:\/\/www.alexandrafau.com\/fr\/?p=598"},"modified":"2019-05-15T12:24:45","modified_gmt":"2019-05-15T10:24:45","slug":"inciser-le-temps","status":"publish","type":"post","link":"http:\/\/www.alexandrafau.com\/fr\/inciser-le-temps\/","title":{"rendered":"Inciser le temps"},"content":{"rendered":"\n<ul class=\"wp-block-gallery columns-1 is-cropped wp-block-gallery-1 is-layout-flex wp-block-gallery-is-layout-flex\"><li class=\"blocks-gallery-item\"><figure><img loading=\"lazy\" decoding=\"async\" width=\"1024\" height=\"683\" src=\"http:\/\/www.alexandrafau.com\/fr\/wp-content\/uploads\/2019\/05\/vue-expo-inciser-le-temps-11-1024x683.jpg\" alt=\"\" data-id=\"620\" data-link=\"http:\/\/www.alexandrafau.com\/fr\/vue-expo-inciser-le-temps-11\/\" class=\"wp-image-620\" srcset=\"http:\/\/www.alexandrafau.com\/fr\/wp-content\/uploads\/2019\/05\/vue-expo-inciser-le-temps-11-1024x683.jpg 1024w, http:\/\/www.alexandrafau.com\/fr\/wp-content\/uploads\/2019\/05\/vue-expo-inciser-le-temps-11-300x200.jpg 300w, http:\/\/www.alexandrafau.com\/fr\/wp-content\/uploads\/2019\/05\/vue-expo-inciser-le-temps-11-768x512.jpg 768w\" sizes=\"auto, (max-width: 1024px) 100vw, 1024px\" \/><figcaption>Daniel Dezeuze\/ Sylvie Auvray<\/figcaption><\/figure><\/li><\/ul>\n\n\n\n<p>Alexandra Fau imagine \u00e0 la Galerie municipale Jean-Collet des \u00ab combinaisons \u00bb d\u2019artistes de g\u00e9n\u00e9rations distinctes sur le mod\u00e8le de celles r\u00e9alis\u00e9e pour l\u2019exposition&nbsp;La peinture fran\u00e7aise contemporaine, combinaisons de l\u2019histoire, en 2012 au mus\u00e9e d\u2019art contemporain de Perm en Russie.<\/p>\n\n\n\n<p>L\u2019exposition invite \u00e0 la collusion des \u00e9poques au sein d\u2019un m\u00e9dium durement \u00e9prouv\u00e9 depuis les ann\u00e9es 1960, la peinture. Il s\u2019agit ici de recr\u00e9er des \u00ab familles \u00bb de peintres qui co\u00efncident par leur approche, leur exigence vis-\u00e0-vis du r\u00e9el, ou bien au contraire, par leurs envol\u00e9es psych\u00e9d\u00e9liques. Aucune r\u00e8gle pr\u00e9cise ne vient r\u00e9guler ce petit jeu de correspondances. Seul le plaisir de se laisser happer par ces mondes peints qui trouvent d\u2019\u00e9tranges r\u00e9sonnances chez la plus jeune g\u00e9n\u00e9ration.<\/p>\n\n\n\n<p>Inciser le temps\u00a0s\u2019affranchit des conventions pour dresser un panorama \u00e9largi de la peinture contemporaine, r\u00e9v\u00e9lateur de la diversit\u00e9 des pratiques, des r\u00e9flexions et des positionnements. Qu\u2019est-ce que signifie agir comme un peintre ? ou se penser peintre ? D\u2019une toile \u00e0 l\u2019autre, le jeu des mati\u00e8res, le brouillage des rep\u00e8res de la repr\u00e9sentation, les correspondances formelles, esth\u00e9tiques ou conceptuelles suscitent les interrogations.<\/p>\n\n\n\n<p>\nLe spectateur est amen\u00e9 \u00e0 \u00abentrer dans un point de vue, comme on \nsympathise. La perception est participation\u00bb1&nbsp;. Et le tableau redevient \nun objet porteur de pens\u00e9e.\n\n<\/p>\n\n\n\n<p><a href=\"http:\/\/www.alexandrafau.com\/pdf\/Catalogue_Inciser_le_temps.pdf\">Catalogue Inciser le temps<\/a><\/p>\n\n\n\n<p><em>A \u00e9couter <\/em><\/p>\n\n\n\n<p><a href=\"http:\/\/francefineart.com\/index.php\/component\/content\/article\/14-agenda\/agenda-news\/3007-2605-galerie-municipale-jean-collet-inciser-le-temps?highlight=WyJpbmNpc2VyIl0=\">http:\/\/francefineart.com\/index.php\/component\/content\/article\/14-agenda\/agenda-news\/3007-2605-galerie-municipale-jean-collet-inciser-le-temps?highlight=WyJpbmNpc2VyIl0=`<\/a><\/p>\n\n\n\n<p><em>A lire<\/em><\/p>\n\n\n\n<p><a href=\"https:\/\/next.liberation.fr\/arts\/2019\/02\/11\/inciser-le-temps-combinaisons-speciales_1708734\">https:\/\/next.liberation.fr\/arts\/2019\/02\/11\/inciser-le-temps-combinaisons-speciales_1708734<\/a><\/p>\n\n\n\n<p>1. David Lapoujade,&nbsp;Les existences moindres,&nbsp;Les \u00e9ditions de Minuit, 2017, p40.<\/p>\n\n\n\n<ul class=\"wp-block-gallery columns-2 is-cropped wp-block-gallery-2 is-layout-flex wp-block-gallery-is-layout-flex\"><li class=\"blocks-gallery-item\"><figure><img loading=\"lazy\" decoding=\"async\" width=\"683\" height=\"1024\" src=\"http:\/\/www.alexandrafau.com\/fr\/wp-content\/uploads\/2019\/05\/vue-expo-inciser-le-temps-07-683x1024.jpg\" alt=\"\" data-id=\"621\" data-link=\"http:\/\/www.alexandrafau.com\/fr\/vue-expo-inciser-le-temps-07\/\" class=\"wp-image-621\" srcset=\"http:\/\/www.alexandrafau.com\/fr\/wp-content\/uploads\/2019\/05\/vue-expo-inciser-le-temps-07-683x1024.jpg 683w, http:\/\/www.alexandrafau.com\/fr\/wp-content\/uploads\/2019\/05\/vue-expo-inciser-le-temps-07-200x300.jpg 200w, http:\/\/www.alexandrafau.com\/fr\/wp-content\/uploads\/2019\/05\/vue-expo-inciser-le-temps-07-768x1152.jpg 768w, http:\/\/www.alexandrafau.com\/fr\/wp-content\/uploads\/2019\/05\/vue-expo-inciser-le-temps-07-300x450.jpg 300w\" sizes=\"auto, (max-width: 683px) 100vw, 683px\" \/><figcaption>Jean-Pierre Bertrand Armand Jalut<\/figcaption><\/figure><\/li><li class=\"blocks-gallery-item\"><figure><img loading=\"lazy\" decoding=\"async\" width=\"1024\" height=\"683\" src=\"http:\/\/www.alexandrafau.com\/fr\/wp-content\/uploads\/2019\/05\/vue-expo-inciser-le-temps-11-1-1024x683.jpg\" alt=\"\" data-id=\"626\" data-link=\"http:\/\/www.alexandrafau.com\/fr\/inciser-le-temps\/vue-expo-inciser-le-temps-11-2\/\" class=\"wp-image-626\" srcset=\"http:\/\/www.alexandrafau.com\/fr\/wp-content\/uploads\/2019\/05\/vue-expo-inciser-le-temps-11-1-1024x683.jpg 1024w, http:\/\/www.alexandrafau.com\/fr\/wp-content\/uploads\/2019\/05\/vue-expo-inciser-le-temps-11-1-300x200.jpg 300w, http:\/\/www.alexandrafau.com\/fr\/wp-content\/uploads\/2019\/05\/vue-expo-inciser-le-temps-11-1-768x512.jpg 768w\" sizes=\"auto, (max-width: 1024px) 100vw, 1024px\" \/><figcaption>Daniel Dezeuze Sylvie Auvray<\/figcaption><\/figure><\/li><\/ul>\n\n\n\n<p><\/p>\n\n\n\n<figure class=\"wp-block-image\"><img loading=\"lazy\" decoding=\"async\" width=\"1024\" height=\"683\" src=\"http:\/\/www.alexandrafau.com\/fr\/wp-content\/uploads\/2019\/05\/vue-expo-inciser-le-temps-06-1024x683.jpg\" alt=\"\" class=\"wp-image-622\" srcset=\"http:\/\/www.alexandrafau.com\/fr\/wp-content\/uploads\/2019\/05\/vue-expo-inciser-le-temps-06-1024x683.jpg 1024w, http:\/\/www.alexandrafau.com\/fr\/wp-content\/uploads\/2019\/05\/vue-expo-inciser-le-temps-06-300x200.jpg 300w, http:\/\/www.alexandrafau.com\/fr\/wp-content\/uploads\/2019\/05\/vue-expo-inciser-le-temps-06-768x512.jpg 768w\" sizes=\"auto, (max-width: 1024px) 100vw, 1024px\" \/><\/figure>\n\n\n\n<ul class=\"wp-block-gallery columns-1 is-cropped wp-block-gallery-3 is-layout-flex wp-block-gallery-is-layout-flex\"><li class=\"blocks-gallery-item\"><figure><img loading=\"lazy\" decoding=\"async\" width=\"1024\" height=\"849\" src=\"http:\/\/www.alexandrafau.com\/fr\/wp-content\/uploads\/2019\/05\/Mireille-Blanc_Nappage_2_2017-1024x849.jpg\" alt=\"\" data-id=\"619\" data-link=\"http:\/\/www.alexandrafau.com\/fr\/mireille-blanc_nappage_2_2017\/\" class=\"wp-image-619\" srcset=\"http:\/\/www.alexandrafau.com\/fr\/wp-content\/uploads\/2019\/05\/Mireille-Blanc_Nappage_2_2017-1024x849.jpg 1024w, http:\/\/www.alexandrafau.com\/fr\/wp-content\/uploads\/2019\/05\/Mireille-Blanc_Nappage_2_2017-300x249.jpg 300w, http:\/\/www.alexandrafau.com\/fr\/wp-content\/uploads\/2019\/05\/Mireille-Blanc_Nappage_2_2017-768x637.jpg 768w\" sizes=\"auto, (max-width: 1024px) 100vw, 1024px\" \/><\/figure><\/li><\/ul>\n\n\n\n<p><\/p>\n","protected":false},"excerpt":{"rendered":"<p>Alexandra Fau imagine \u00e0 la Galerie municipale Jean-Collet des \u00ab combinaisons \u00bb d\u2019artistes de g\u00e9n\u00e9rations distinctes sur le mod\u00e8le de celles r\u00e9alis\u00e9e pour l\u2019exposition&nbsp;La peinture fran\u00e7aise contemporaine, combinaisons de l\u2019histoire, [&hellip;]<\/p>\n","protected":false},"author":2,"featured_media":599,"comment_status":"closed","ping_status":"closed","sticky":true,"template":"","format":"gallery","meta":{"_jetpack_newsletter_access":"","_jetpack_dont_email_post_to_subs":false,"_jetpack_newsletter_tier_id":0,"_jetpack_memberships_contains_paywalled_content":false,"_jetpack_memberships_contains_paid_content":false,"footnotes":""},"categories":[1],"tags":[],"class_list":["post-598","post","type-post","status-publish","format-gallery","has-post-thumbnail","hentry","category-uncategorized","post_format-post-format-gallery"],"jetpack_featured_media_url":"http:\/\/www.alexandrafau.com\/fr\/wp-content\/uploads\/2019\/01\/Dominique-Figarella_Sans-titre_2014.jpg","jetpack_sharing_enabled":true,"jetpack_shortlink":"https:\/\/wp.me\/p2Gxt7-9E","_links":{"self":[{"href":"http:\/\/www.alexandrafau.com\/fr\/wp-json\/wp\/v2\/posts\/598","targetHints":{"allow":["GET"]}}],"collection":[{"href":"http:\/\/www.alexandrafau.com\/fr\/wp-json\/wp\/v2\/posts"}],"about":[{"href":"http:\/\/www.alexandrafau.com\/fr\/wp-json\/wp\/v2\/types\/post"}],"author":[{"embeddable":true,"href":"http:\/\/www.alexandrafau.com\/fr\/wp-json\/wp\/v2\/users\/2"}],"replies":[{"embeddable":true,"href":"http:\/\/www.alexandrafau.com\/fr\/wp-json\/wp\/v2\/comments?post=598"}],"version-history":[{"count":7,"href":"http:\/\/www.alexandrafau.com\/fr\/wp-json\/wp\/v2\/posts\/598\/revisions"}],"predecessor-version":[{"id":634,"href":"http:\/\/www.alexandrafau.com\/fr\/wp-json\/wp\/v2\/posts\/598\/revisions\/634"}],"wp:featuredmedia":[{"embeddable":true,"href":"http:\/\/www.alexandrafau.com\/fr\/wp-json\/wp\/v2\/media\/599"}],"wp:attachment":[{"href":"http:\/\/www.alexandrafau.com\/fr\/wp-json\/wp\/v2\/media?parent=598"}],"wp:term":[{"taxonomy":"category","embeddable":true,"href":"http:\/\/www.alexandrafau.com\/fr\/wp-json\/wp\/v2\/categories?post=598"},{"taxonomy":"post_tag","embeddable":true,"href":"http:\/\/www.alexandrafau.com\/fr\/wp-json\/wp\/v2\/tags?post=598"}],"curies":[{"name":"wp","href":"https:\/\/api.w.org\/{rel}","templated":true}]}}