{"id":31,"date":"2012-07-27T11:12:44","date_gmt":"2012-07-27T09:12:44","guid":{"rendered":"http:\/\/www.alexandrafau.com\/fr\/?p=31"},"modified":"2013-07-22T09:18:53","modified_gmt":"2013-07-22T07:18:53","slug":"subtil-textile","status":"publish","type":"post","link":"http:\/\/www.alexandrafau.com\/fr\/subtil-textile\/","title":{"rendered":"Subtil Textile"},"content":{"rendered":"<p><a href=\"http:\/\/www.galeriedesgaleries.com\/frFR\/exposition\/i-41\/subtiltextile.html\" title=\"subtil textile\" target=\"_blank\"><\/a>Au coeur des Galeries Lafayette<br \/>\nParis Haussmann, la Galerie<br \/>\ndes Galeries accueille \u00abSubtil Textile\u00bb<br \/>\ndu 15 f\u00e9vrier au 29 mars 2008.<br \/>\nAlexandra Fau, commissaire de<br \/>\nl\u2019exposition, a r\u00e9uni huit artistes<br \/>\nqui exposent leurs oeuvres con\u00e7ues<br \/>\n\u00e0 partir du textile.<br \/>\n\u00abSubtil Textile\u00bb est une exposition<br \/>\nd\u2019art contemporain qui fait la<br \/>\npart belle \u00e0 l\u2019\u00e9toffe sous toutes<br \/>\nses formes. Qu\u2019il soit souple,<br \/>\nvibrant, tendu, \u00e9rafl\u00e9, morcel\u00e9 ou<br \/>\ninvisible, le fil est employ\u00e9 par les<br \/>\nartistes s\u00e9lectionn\u00e9s comme n\u2019importe<br \/>\nquel autre m\u00e9dium artistique. Autrefois<br \/>\nassoci\u00e9 au canevas de la toile,<br \/>\nle fil se r\u00e9v\u00e8le \u00eatre un mat\u00e9riau<br \/>\nde pr\u00e9dilection.<br \/>\nA la fois fragile et r\u00e9sistant,<br \/>\npr\u00e9cieux et sensuel, il forme ici le<br \/>\nsupport et le sujet de l\u2019oeuvre d\u2019art.<br \/>\nA l\u2019occasion de \u00abSubtil Textile\u00bb,<br \/>\nla Galerie des Galeries se d\u00e9place<br \/>\ndans les vitrines du boulevard<br \/>\nHaussmann. Cinq artistes expos\u00e9s &#8211;<br \/>\nSantiago Borja, Aicha Hamu,<br \/>\nJulie Legrand, Miguel Rothschild<br \/>\net Gregg Smith &#8211; vont r\u00e9aliser<br \/>\nen collaboration avec une marque<br \/>\nde mode, une installation con\u00e7ue<br \/>\nsp\u00e9cialement pour les vitrines.<\/p>\n","protected":false},"excerpt":{"rendered":"<p>Au coeur des Galeries Lafayette Paris Haussmann, la Galerie des Galeries accueille \u00abSubtil Textile\u00bb du 15 f\u00e9vrier au 29 mars 2008. Alexandra Fau, commissaire de l\u2019exposition, a r\u00e9uni huit artistes [&hellip;]<\/p>\n","protected":false},"author":1,"featured_media":32,"comment_status":"closed","ping_status":"closed","sticky":false,"template":"","format":"standard","meta":{"_jetpack_newsletter_access":"","_jetpack_dont_email_post_to_subs":false,"_jetpack_newsletter_tier_id":0,"_jetpack_memberships_contains_paywalled_content":false,"_jetpack_memberships_contains_paid_content":false,"footnotes":""},"categories":[1],"tags":[],"class_list":["post-31","post","type-post","status-publish","format-standard","has-post-thumbnail","hentry","category-uncategorized"],"jetpack_featured_media_url":"http:\/\/www.alexandrafau.com\/fr\/wp-content\/uploads\/2012\/07\/DSC8489_rzd.jpg","jetpack_sharing_enabled":true,"jetpack_shortlink":"https:\/\/wp.me\/p2Gxt7-v","_links":{"self":[{"href":"http:\/\/www.alexandrafau.com\/fr\/wp-json\/wp\/v2\/posts\/31","targetHints":{"allow":["GET"]}}],"collection":[{"href":"http:\/\/www.alexandrafau.com\/fr\/wp-json\/wp\/v2\/posts"}],"about":[{"href":"http:\/\/www.alexandrafau.com\/fr\/wp-json\/wp\/v2\/types\/post"}],"author":[{"embeddable":true,"href":"http:\/\/www.alexandrafau.com\/fr\/wp-json\/wp\/v2\/users\/1"}],"replies":[{"embeddable":true,"href":"http:\/\/www.alexandrafau.com\/fr\/wp-json\/wp\/v2\/comments?post=31"}],"version-history":[{"count":10,"href":"http:\/\/www.alexandrafau.com\/fr\/wp-json\/wp\/v2\/posts\/31\/revisions"}],"predecessor-version":[{"id":400,"href":"http:\/\/www.alexandrafau.com\/fr\/wp-json\/wp\/v2\/posts\/31\/revisions\/400"}],"wp:featuredmedia":[{"embeddable":true,"href":"http:\/\/www.alexandrafau.com\/fr\/wp-json\/wp\/v2\/media\/32"}],"wp:attachment":[{"href":"http:\/\/www.alexandrafau.com\/fr\/wp-json\/wp\/v2\/media?parent=31"}],"wp:term":[{"taxonomy":"category","embeddable":true,"href":"http:\/\/www.alexandrafau.com\/fr\/wp-json\/wp\/v2\/categories?post=31"},{"taxonomy":"post_tag","embeddable":true,"href":"http:\/\/www.alexandrafau.com\/fr\/wp-json\/wp\/v2\/tags?post=31"}],"curies":[{"name":"wp","href":"https:\/\/api.w.org\/{rel}","templated":true}]}}